{"id":588,"date":"2021-03-15T10:51:32","date_gmt":"2021-03-15T08:51:32","guid":{"rendered":"https:\/\/tahtikuljettajat.fi\/?p=588"},"modified":"2021-03-17T13:04:04","modified_gmt":"2021-03-17T11:04:04","slug":"porvoon-uusille-oppilaille-seka-ylaasteelle-siirtyville-koulukuljetusta-tarvitseville-tiedote","status":"publish","type":"post","link":"https:\/\/tahtikuljettajat.fi\/sv\/2021\/03\/15\/porvoon-uusille-oppilaille-seka-ylaasteelle-siirtyville-koulukuljetusta-tarvitseville-tiedote\/","title":{"rendered":"Info \u00e5t Borg\u00e5 f\u00f6r\u00e4ldrar"},"content":{"rendered":"<p>ALLM\u00c4N P\u00c5MINNELSE! B\u00e4sta v\u00e5rdnadshavare till en skolskjutsber\u00e4ttigad elev. Denna p\u00e5minnelse ber\u00f6r dem som inte \u00e4nnu ans\u00f6kt om gratis skolskjuts f\u00f6r h\u00f6sten 2021. Vi p\u00e5minner om att det nu \u00e4r sista chansen att g\u00f6ra det f\u00f6r n\u00e4sta l\u00e4s\u00e5r. Man b\u00f6r ans\u00f6ka om ny skolskjuts exempelvis d\u00e5 eleven byter fr\u00e5n sj\u00e4tte (6) till sjunde (7) klass eller om expert-\/l\u00e4karutl\u00e5tandet tar slut detta l\u00e4s\u00e5rs sista dag 05.06.2021. Kolla f\u00f6rst i Wilma (logga in p\u00e5 kommunens lokala Wilma via webben, besluten syns inte i Wilmas mobilapplikation) f\u00f6r hur l\u00e5ng tid r\u00e4tten till skolskjuts \u00e4r beviljad. G\u00f6r detta s\u00e5 fort som m\u00f6jligt s\u00e5 hinner \u00e4rendet behandlas f\u00f6re sommaren. Tack f\u00f6r gott samarbete!<\/p>\n\n\n\n<p><a href=\"https:\/\/www.borga.fi\/skolskjutsar\">https:\/\/www.borga.fi\/skolskjutsar<\/a><\/p>","protected":false},"excerpt":{"rendered":"<p>YLEINEN TIEDOTE! Hyv\u00e4 koulukuljetukseen oikeutetun oppilaan huoltaja. T\u00e4m\u00e4 tiedote koskee ainoastaan teit\u00e4, jotka eiv\u00e4t ole viel\u00e4 hakeneet koulukuljetusta lapsellenne syksyksi 2021. Haluamme muistuttaa, ett\u00e4 nyt on viimeinen hetki anoa maksutonta koulukuljetusta tulevalle lukuvuodelle. Koulukuljetusta on anottava uudelleen esimerkiksi, jos oppilas siirtyy kuudennelta (6) luokalta seitsem\u00e4nnelle (7) tai jos asiantuntija-\/l\u00e4\u00e4k\u00e4rinlausunto p\u00e4\u00e4ttyy [&hellip;]<\/p>\n","protected":false},"author":4,"featured_media":437,"comment_status":"closed","ping_status":"open","sticky":false,"template":"","format":"standard","meta":{"footnotes":""},"categories":[3],"tags":[9,8,5,4],"class_list":["post-588","post","type-post","status-publish","format-standard","has-post-thumbnail","hentry","category-ajankohtaista","tag-koulukuljetus-porvoo","tag-porvoo-koulukuljetus","tag-tahtikuljettajat","tag-uudenmaan-tahtikuljettajat"],"_links":{"self":[{"href":"https:\/\/tahtikuljettajat.fi\/sv\/wp-json\/wp\/v2\/posts\/588","targetHints":{"allow":["GET"]}}],"collection":[{"href":"https:\/\/tahtikuljettajat.fi\/sv\/wp-json\/wp\/v2\/posts"}],"about":[{"href":"https:\/\/tahtikuljettajat.fi\/sv\/wp-json\/wp\/v2\/types\/post"}],"author":[{"embeddable":true,"href":"https:\/\/tahtikuljettajat.fi\/sv\/wp-json\/wp\/v2\/users\/4"}],"replies":[{"embeddable":true,"href":"https:\/\/tahtikuljettajat.fi\/sv\/wp-json\/wp\/v2\/comments?post=588"}],"version-history":[{"count":7,"href":"https:\/\/tahtikuljettajat.fi\/sv\/wp-json\/wp\/v2\/posts\/588\/revisions"}],"predecessor-version":[{"id":600,"href":"https:\/\/tahtikuljettajat.fi\/sv\/wp-json\/wp\/v2\/posts\/588\/revisions\/600"}],"wp:featuredmedia":[{"embeddable":true,"href":"https:\/\/tahtikuljettajat.fi\/sv\/wp-json\/wp\/v2\/media\/437"}],"wp:attachment":[{"href":"https:\/\/tahtikuljettajat.fi\/sv\/wp-json\/wp\/v2\/media?parent=588"}],"wp:term":[{"taxonomy":"category","embeddable":true,"href":"https:\/\/tahtikuljettajat.fi\/sv\/wp-json\/wp\/v2\/categories?post=588"},{"taxonomy":"post_tag","embeddable":true,"href":"https:\/\/tahtikuljettajat.fi\/sv\/wp-json\/wp\/v2\/tags?post=588"}],"curies":[{"name":"wp","href":"https:\/\/api.w.org\/{rel}","templated":true}]}}