{"id":636,"date":"2021-09-29T14:58:44","date_gmt":"2021-09-29T11:58:44","guid":{"rendered":"https:\/\/tahtikuljettajat.fi\/?p=636"},"modified":"2021-09-29T15:44:16","modified_gmt":"2021-09-29T12:44:16","slug":"heijastinpaiva-perjantaina-1-10","status":"publish","type":"post","link":"https:\/\/tahtikuljettajat.fi\/sv\/2021\/09\/29\/heijastinpaiva-perjantaina-1-10\/","title":{"rendered":"Reflexdag fredagen den 1.10"},"content":{"rendered":"<p>Reflexdagen \u00e4r \u00e5rligen \u00e5terkommande (den 1.10) och finns till f\u00f6r att p\u00e5minna om vikten av att anv\u00e4nda reflex och uppmuntra till att inleda reflexs\u00e4songen - senast nu. <br>Trafikskyddet lanserade reflexdagen \u00e5r 2013. Temadagar och jippon beh\u00f6vs i arbetet med trafiks\u00e4kerhet, eftersom det \u00e4r s\u00e5 m\u00e4nskligt att gl\u00f6mma.<\/p>\n\n\n\n<p>F\u00f6r oss \u00e4r det v\u00e4ldigt viktigt att elever syns i m\u00f6rkret och det vore bra att eleverna skulle anv\u00e4nda reflex och f\u00e4sta den p\u00e5 ett synligt st\u00e4lle. F\u00f6r bilister \u00e4r det enklast att f\u00e5 syn p\u00e5 reflexer som f\u00e4sts p\u00e5 den sida som \u00e4r mot v\u00e4gen. V\u00e5ra chauff\u00f6rer delar ut reflexer till alla som \u00e5ker p\u00e5 fredagen den 1.10. Reflexerna \u00e4r inhemska och tillverkade av painotalo TT-Urex. Om ditt barn blir utan reflex, var i kontakt med oss och skicka ett SMS till nummer 045-7396 0364, s\u00e5 kan vi skicka en reflex per post i efterhand.<\/p>","protected":false},"excerpt":{"rendered":"<p>Meille on eritt\u00e4in t\u00e4rke\u00e4\u00e4, ett\u00e4 koululainen n\u00e4kyy pime\u00e4ss\u00e4 ja olisi suositeltavaa, ett\u00e4 oppilas k\u00e4ytt\u00e4isi heijastinta ja kiinnitt\u00e4isi sen n\u00e4kyv\u00e4\u00e4n paikkaan. Esim. autoilija havaitsee parhaiten tien puoleiselle sivulle kiinnitetyn heijastimen. Kuljettajat jakavat heijastimia kyytil\u00e4isillemme perjantaina 1.10. Heijastimet ovat painotalo TT-Urexin tekemi\u00e4 kotimaisia heijastimia. Mik\u00e4li lapsenne j\u00e4\u00e4 ilman heijastinta, olkaa yhteydess\u00e4 meihin [&hellip;]<\/p>\n","protected":false},"author":4,"featured_media":0,"comment_status":"closed","ping_status":"open","sticky":false,"template":"","format":"standard","meta":{"footnotes":""},"categories":[3],"tags":[],"class_list":["post-636","post","type-post","status-publish","format-standard","hentry","category-ajankohtaista"],"_links":{"self":[{"href":"https:\/\/tahtikuljettajat.fi\/sv\/wp-json\/wp\/v2\/posts\/636","targetHints":{"allow":["GET"]}}],"collection":[{"href":"https:\/\/tahtikuljettajat.fi\/sv\/wp-json\/wp\/v2\/posts"}],"about":[{"href":"https:\/\/tahtikuljettajat.fi\/sv\/wp-json\/wp\/v2\/types\/post"}],"author":[{"embeddable":true,"href":"https:\/\/tahtikuljettajat.fi\/sv\/wp-json\/wp\/v2\/users\/4"}],"replies":[{"embeddable":true,"href":"https:\/\/tahtikuljettajat.fi\/sv\/wp-json\/wp\/v2\/comments?post=636"}],"version-history":[{"count":6,"href":"https:\/\/tahtikuljettajat.fi\/sv\/wp-json\/wp\/v2\/posts\/636\/revisions"}],"predecessor-version":[{"id":650,"href":"https:\/\/tahtikuljettajat.fi\/sv\/wp-json\/wp\/v2\/posts\/636\/revisions\/650"}],"wp:attachment":[{"href":"https:\/\/tahtikuljettajat.fi\/sv\/wp-json\/wp\/v2\/media?parent=636"}],"wp:term":[{"taxonomy":"category","embeddable":true,"href":"https:\/\/tahtikuljettajat.fi\/sv\/wp-json\/wp\/v2\/categories?post=636"},{"taxonomy":"post_tag","embeddable":true,"href":"https:\/\/tahtikuljettajat.fi\/sv\/wp-json\/wp\/v2\/tags?post=636"}],"curies":[{"name":"wp","href":"https:\/\/api.w.org\/{rel}","templated":true}]}}