{"id":651,"date":"2022-01-07T16:48:09","date_gmt":"2022-01-07T14:48:09","guid":{"rendered":"https:\/\/tahtikuljettajat.fi\/?p=651"},"modified":"2022-01-10T11:43:02","modified_gmt":"2022-01-10T09:43:02","slug":"koulukyyti-asiaa-skolskjuts-info","status":"publish","type":"post","link":"https:\/\/tahtikuljettajat.fi\/sv\/2022\/01\/07\/koulukyyti-asiaa-skolskjuts-info\/","title":{"rendered":"KOULUKYYTI ASIAA              SKOLSKJUTS INFO"},"content":{"rendered":"<p>Sunnuntai 9.1: Olemme l\u00e4hett\u00e4neet v.2 (10.1-14.1) hakuaikataulut huoltajille lauantaina 8.1. Mik\u00e4li tekstiviesti EI ole tavoittanut teit\u00e4, olkaa yhteydess\u00e4 tekstiviestitse numeroon 045-739 603 64<\/p>\n\n\n\n<p>Perjantai 7.1: T\u00e4ll\u00e4 hetkell\u00e4 emme pysty l\u00e4hett\u00e4m\u00e4\u00e4n ensi viikon nouto- ja hakuaikoja johtuen COVID-19 tilanteesta. Odotamme viel\u00e4 kuntien p\u00e4\u00e4t\u00f6ksi\u00e4 koskien mahdollista siirtymist\u00e4 et\u00e4opetukseen. N\u00e4ill\u00e4 n\u00e4kymin l\u00e4het\u00e4mme aikataulut lauantaina 8.1.2022. Kiitos ymm\u00e4rryksest\u00e4!<\/p>\n\n\n\n<p>*****************************************************************************************<\/p>\n\n\n\n<p>S\u00f6ndag 9.1: Vi har skickat ut h\u00e4mttiderna per SMS till v\u00e5rdnadshavare f\u00f6r vecka 2 (10.1-14.1) p\u00e5 l\u00f6rdag 8.1. Ifall ni INTE har mottagit v\u00e5rt SMS, v\u00e4nligen kontakta oss per SMS p\u00e5 numret 045-739 603 64.<\/p>\n\n\n\n<p>Fredag 7.1: Ocks\u00e5 v\u00e5ra tj\u00e4nster p\u00e5verkas av det r\u00e5dande pandemil\u00e4get. De nya h\u00e4mttiderna f\u00f6r skolstarten skickas ut n\u00e4r kommunerna hunnit delge sina beslut om skolornas eventuella f\u00f6rflyttning till distansundervisning. I nul\u00e4get ser det ut som att vi kan skicka ut informationen p\u00e5 l\u00f6rdag 8.1.2022. Vi tackar f\u00f6r er f\u00f6rst\u00e5else! <\/p>","protected":false},"excerpt":{"rendered":"<p>Sunnuntai 9.1: Olemme l\u00e4hett\u00e4neet v.2 (10.1-14.1) hakuaikataulut huoltajille lauantaina 8.1. Mik\u00e4li tekstiviesti EI ole tavoittanut teit\u00e4, olkaa yhteydess\u00e4 tekstiviestitse numeroon 045-739 603 64 Perjantai 7.1: T\u00e4ll\u00e4 hetkell\u00e4 emme pysty l\u00e4hett\u00e4m\u00e4\u00e4n ensi viikon nouto- ja hakuaikoja johtuen COVID-19 tilanteesta. Odotamme viel\u00e4 kuntien p\u00e4\u00e4t\u00f6ksi\u00e4 koskien mahdollista siirtymist\u00e4 et\u00e4opetukseen. N\u00e4ill\u00e4 n\u00e4kymin l\u00e4het\u00e4mme aikataulut [&hellip;]<\/p>\n","protected":false},"author":3,"featured_media":0,"comment_status":"closed","ping_status":"open","sticky":false,"template":"","format":"standard","meta":{"footnotes":""},"categories":[3],"tags":[13,15,16,14],"class_list":["post-651","post","type-post","status-publish","format-standard","hentry","category-ajankohtaista","tag-corona","tag-covid-19","tag-hakuaika","tag-korona"],"_links":{"self":[{"href":"https:\/\/tahtikuljettajat.fi\/sv\/wp-json\/wp\/v2\/posts\/651","targetHints":{"allow":["GET"]}}],"collection":[{"href":"https:\/\/tahtikuljettajat.fi\/sv\/wp-json\/wp\/v2\/posts"}],"about":[{"href":"https:\/\/tahtikuljettajat.fi\/sv\/wp-json\/wp\/v2\/types\/post"}],"author":[{"embeddable":true,"href":"https:\/\/tahtikuljettajat.fi\/sv\/wp-json\/wp\/v2\/users\/3"}],"replies":[{"embeddable":true,"href":"https:\/\/tahtikuljettajat.fi\/sv\/wp-json\/wp\/v2\/comments?post=651"}],"version-history":[{"count":4,"href":"https:\/\/tahtikuljettajat.fi\/sv\/wp-json\/wp\/v2\/posts\/651\/revisions"}],"predecessor-version":[{"id":656,"href":"https:\/\/tahtikuljettajat.fi\/sv\/wp-json\/wp\/v2\/posts\/651\/revisions\/656"}],"wp:attachment":[{"href":"https:\/\/tahtikuljettajat.fi\/sv\/wp-json\/wp\/v2\/media?parent=651"}],"wp:term":[{"taxonomy":"category","embeddable":true,"href":"https:\/\/tahtikuljettajat.fi\/sv\/wp-json\/wp\/v2\/categories?post=651"},{"taxonomy":"post_tag","embeddable":true,"href":"https:\/\/tahtikuljettajat.fi\/sv\/wp-json\/wp\/v2\/tags?post=651"}],"curies":[{"name":"wp","href":"https:\/\/api.w.org\/{rel}","templated":true}]}}