{"id":845,"date":"2025-06-26T19:39:38","date_gmt":"2025-06-26T16:39:38","guid":{"rendered":"https:\/\/tahtikuljettajat.fi\/?p=845"},"modified":"2025-06-26T19:39:38","modified_gmt":"2025-06-26T16:39:38","slug":"syksyn-2025-ensimmaiset-hakuajat","status":"publish","type":"post","link":"https:\/\/tahtikuljettajat.fi\/sv\/2025\/06\/26\/syksyn-2025-ensimmaiset-hakuajat\/","title":{"rendered":"Tidtabellerna f\u00f6r de f\u00f6rsta skoldagarna h\u00f6sten 2025"},"content":{"rendered":"<p>L\u00e4het\u00e4mme Askolan ja Valteri koulun kuljetusoppilaiden ensimm\u00e4iset hakuajat huoltajille viimeist\u00e4\u00e4n perjantaina 1.8.2025 kello 12:00. Jos tekstiviesti\u00e4 ei ole tullut, voitte olla yhteydess\u00e4 meihin perjantaina 1.8 kello 12:00 j\u00e4lkeen. 0400 &#8211; 386 086 tai kouluasiat@tahtikuljettajat.fi.<\/p>\n\n\n\n<p>L\u00e4het\u00e4mme Porvoon koulujen kuljetusoppilaiden ensimm\u00e4isen kouluviikon hakuajat huoltajille viimeist\u00e4\u00e4n tiistaina 5.8.2025 kello 12:00. Jos tekstiviesti\u00e4 ei ole tullut, voitte olla yhteydess\u00e4 meihin tiistaina 5.8 kello 12:00 j\u00e4lkeen. 0400 &#8211; 386 086 tai kouluasiat@tahtikuljettajat.fi.<\/p>","protected":false},"excerpt":{"rendered":"<p>L\u00e4het\u00e4mme Askolan ja Valteri koulun kuljetusoppilaiden ensimm\u00e4iset hakuajat huoltajille viimeist\u00e4\u00e4n perjantaina 1.8.2025 kello 12:00. Jos tekstiviesti\u00e4 ei ole tullut, voitte olla yhteydess\u00e4 meihin perjantaina 1.8 kello 12:00 j\u00e4lkeen. 0400 &#8211; 386 086 tai kouluasiat@tahtikuljettajat.fi. L\u00e4het\u00e4mme Porvoon koulujen kuljetusoppilaiden ensimm\u00e4isen kouluviikon hakuajat huoltajille viimeist\u00e4\u00e4n tiistaina 5.8.2025 kello 12:00. Jos tekstiviesti\u00e4 ei [&hellip;]<\/p>\n","protected":false},"author":4,"featured_media":0,"comment_status":"closed","ping_status":"open","sticky":false,"template":"","format":"standard","meta":{"footnotes":""},"categories":[3],"tags":[9,34,8,33],"class_list":["post-845","post","type-post","status-publish","format-standard","hentry","category-ajankohtaista","tag-koulukuljetus-porvoo","tag-porvoo-hakuajat","tag-porvoo-koulukuljetus","tag-porvoo-koulukuljetus-hakuajat"],"_links":{"self":[{"href":"https:\/\/tahtikuljettajat.fi\/sv\/wp-json\/wp\/v2\/posts\/845","targetHints":{"allow":["GET"]}}],"collection":[{"href":"https:\/\/tahtikuljettajat.fi\/sv\/wp-json\/wp\/v2\/posts"}],"about":[{"href":"https:\/\/tahtikuljettajat.fi\/sv\/wp-json\/wp\/v2\/types\/post"}],"author":[{"embeddable":true,"href":"https:\/\/tahtikuljettajat.fi\/sv\/wp-json\/wp\/v2\/users\/4"}],"replies":[{"embeddable":true,"href":"https:\/\/tahtikuljettajat.fi\/sv\/wp-json\/wp\/v2\/comments?post=845"}],"version-history":[{"count":1,"href":"https:\/\/tahtikuljettajat.fi\/sv\/wp-json\/wp\/v2\/posts\/845\/revisions"}],"predecessor-version":[{"id":846,"href":"https:\/\/tahtikuljettajat.fi\/sv\/wp-json\/wp\/v2\/posts\/845\/revisions\/846"}],"wp:attachment":[{"href":"https:\/\/tahtikuljettajat.fi\/sv\/wp-json\/wp\/v2\/media?parent=845"}],"wp:term":[{"taxonomy":"category","embeddable":true,"href":"https:\/\/tahtikuljettajat.fi\/sv\/wp-json\/wp\/v2\/categories?post=845"},{"taxonomy":"post_tag","embeddable":true,"href":"https:\/\/tahtikuljettajat.fi\/sv\/wp-json\/wp\/v2\/tags?post=845"}],"curies":[{"name":"wp","href":"https:\/\/api.w.org\/{rel}","templated":true}]}}