{"id":973,"date":"2026-03-24T12:07:50","date_gmt":"2026-03-24T10:07:50","guid":{"rendered":"https:\/\/tahtikuljettajat.fi\/?p=973"},"modified":"2026-03-24T13:54:08","modified_gmt":"2026-03-24T11:54:08","slug":"tiedote-porvoolaisille-huoltajille","status":"publish","type":"post","link":"https:\/\/tahtikuljettajat.fi\/sv\/2026\/03\/24\/tiedote-porvoolaisille-huoltajille\/","title":{"rendered":"Meddelande till v\u00e5rdnadshavare i Borg\u00e5"},"content":{"rendered":"<p>Vi vill informera om att ans\u00f6kningstiden f\u00f6r Borg\u00e5 stads skolskjutsar f\u00f6r l\u00e4s\u00e5ret 26\u201327 nu \u00e4r \u00f6ppen. Observera att en ny ans\u00f6kan om skolskjuts kr\u00e4vs n\u00e4r eleven b\u00f6rjar i h\u00f6gstadiet.  <\/p>\n\n\n\n<ul class=\"wp-block-list\">\n<li>Ans\u00f6kan om skolskjuts sker elektroniskt via elevadministrationsprogrammet Wilma under fliken \u201dAns\u00f6kningar och beslut\u201d. <\/li>\n<\/ul>\n\n\n\n<p>Mer information om Borg\u00e5 stads anvisningar g\u00e4llande skolskjutsar hittar ni <a href=\"https:\/\/www.porvoo.fi\/kasvatus-ja-opetus\/perusopetus\/tervetuloa-kouluun\/koulukuljetukset\/\" target=\"_blank\" rel=\"noreferrer noopener\">h\u00e4r.<\/a><\/p>\n\n\n\n<p>Detta meddelande kan bortses om ni redan har l\u00e4mnat in ans\u00f6kan. Tack!<br><\/p>\n\n\n\n<p>Med soliga v\u00e5rh\u00e4lsningar <br>Uudenmaan T\u00e4htikuljettajat Oy<\/p>\n\n\n\n<p><\/p>","protected":false},"excerpt":{"rendered":"<p>Haluamme tiedottaa, ett\u00e4 hakuaika Porvoon kaupungin lukuvuoden 26-27 koulukuljetuksille on nyt avoinna. Muistuttaisimme, ett\u00e4 oppilaan siirtyess\u00e4 yl\u00e4-asteelle on koulukyytihakemus uusittava. Lis\u00e4tietoa Porvoon kaupungin ohjeistuksiin liittyen koulukuljetuksiin l\u00f6yd\u00e4tte t\u00e4\u00e4lt\u00e4. T\u00e4m\u00e4 tiedote on aiheeton, jos olette hoitaneet hakemuksenne kuntoon. Kiitos! Aurinkoisin kev\u00e4tterveisin Uudenmaan T\u00e4htikuljettajat Oy<\/p>","protected":false},"author":4,"featured_media":0,"comment_status":"closed","ping_status":"open","sticky":false,"template":"","format":"standard","meta":{"footnotes":""},"categories":[3],"tags":[],"class_list":["post-973","post","type-post","status-publish","format-standard","hentry","category-ajankohtaista"],"_links":{"self":[{"href":"https:\/\/tahtikuljettajat.fi\/sv\/wp-json\/wp\/v2\/posts\/973","targetHints":{"allow":["GET"]}}],"collection":[{"href":"https:\/\/tahtikuljettajat.fi\/sv\/wp-json\/wp\/v2\/posts"}],"about":[{"href":"https:\/\/tahtikuljettajat.fi\/sv\/wp-json\/wp\/v2\/types\/post"}],"author":[{"embeddable":true,"href":"https:\/\/tahtikuljettajat.fi\/sv\/wp-json\/wp\/v2\/users\/4"}],"replies":[{"embeddable":true,"href":"https:\/\/tahtikuljettajat.fi\/sv\/wp-json\/wp\/v2\/comments?post=973"}],"version-history":[{"count":5,"href":"https:\/\/tahtikuljettajat.fi\/sv\/wp-json\/wp\/v2\/posts\/973\/revisions"}],"predecessor-version":[{"id":983,"href":"https:\/\/tahtikuljettajat.fi\/sv\/wp-json\/wp\/v2\/posts\/973\/revisions\/983"}],"wp:attachment":[{"href":"https:\/\/tahtikuljettajat.fi\/sv\/wp-json\/wp\/v2\/media?parent=973"}],"wp:term":[{"taxonomy":"category","embeddable":true,"href":"https:\/\/tahtikuljettajat.fi\/sv\/wp-json\/wp\/v2\/categories?post=973"},{"taxonomy":"post_tag","embeddable":true,"href":"https:\/\/tahtikuljettajat.fi\/sv\/wp-json\/wp\/v2\/tags?post=973"}],"curies":[{"name":"wp","href":"https:\/\/api.w.org\/{rel}","templated":true}]}}